{"id":1003,"date":"2021-01-19T02:21:39","date_gmt":"2021-01-19T02:21:39","guid":{"rendered":"http:\/\/colonver.com\/?p=1003"},"modified":"2025-05-05T22:44:26","modified_gmt":"2025-05-05T22:44:26","slug":"heroes-de-la-educacion-2020","status":"publish","type":"post","link":"https:\/\/colon.mx\/index.php\/2021\/01\/19\/heroes-de-la-educacion-2020\/","title":{"rendered":"H\u00e9roes de la Educaci\u00f3n 2020"},"content":{"rendered":"\n<h3 class=\"wp-block-heading\">Felicitamos ampliamente a nuestro Mtro. Juan Antonio Campos Lopez por haber recibido el Reconocimiento&#8230;<\/h3>\n\n\n\n<p>..-H\u00e9roes de la Educaci\u00f3n 2020-, otorgado por la Secretar\u00eda de Educaci\u00f3n de Veracruz\ud83d\udcda\ud83d\udcbb<\/p>\n\n\n\n<p>Esto debido a la extraordinaria labor que ha beneficiado a alumnos de educaci\u00f3n secundaria de todo el estado, mediante la realizaci\u00f3n de c\u00e1psulas de radio para el programa &amp;quot;aprende en casa&amp;quot; para ni\u00f1os que no tienen conectividad a distancia.<\/p>\n\n\n\n<p>Realiz\u00f3 diversas c\u00e1psulas de 13 minutos con 30 segundos cada una, con temas como:<\/p>\n\n\n\n<ul class=\"wp-block-list\"><li>Or\u00edgenes de la danza<\/li><li>Bailes populares del mundo<\/li><li>Son Jarocho<\/li><\/ul>\n\n\n\n<blockquote class=\"wp-block-quote is-layout-flow wp-block-quote-is-layout-flow\"><p>Cada c\u00e1psula llevo mucho trabajo y muchas horas para poder realizarlas, desde el momento de escribir la escaleta, incluir la m\u00fasica, as\u00ed como la movilizaci\u00f3n al estudio de grabaci\u00f3n, revisiones, cambios, hasta que fuera aprobado en Xalapa.<\/p><cite>nos comparti\u00f3 el Mtro. Juan Campos.<\/cite><\/blockquote>\n\n\n\n<p><\/p>\n\n\n\n<p>Todas estas c\u00e1psulas se transmitieron en RTV en el mes de noviembre a todo el estado de Veracruz, y mediante diversas plataformas a otros lugares de nuestro Pa\u00eds.<\/p>\n\n\n\n<p>El Mtro. Juan Campos agreg\u00f3: <em>&#8220;Estoy agradecido por la invitaci\u00f3n de la Mtra. Roxana Flores de la inspecci\u00f3n de la zona 15. Fue una experiencia muy enriquecedora, me hizo aprender otras formas de comunicaci\u00f3n, yo jam\u00e1s pens\u00e9 que una clase m\u00eda llegara a tantos lugares, pude compartirlo con maestros de todo el pa\u00eds y lo est\u00e1n ocupando como parte de esta nueva modalidad a trav\u00e9s de diferentes medios. De igual forma estoy muy agradecido con el Colegio Crist\u00f3bal Col\u00f3n por todo el apoyo que me brind\u00f3&#8221;<\/em><\/p>\n\n\n\n<p>Actualmente el Mtro. se encuentra trabajando en a realizaci\u00f3n de la segunda temporada de esta serie de c\u00e1psulas teniendo como tema principal: <strong>Festivales folkl\u00f3ricos de M\u00e9xico.<\/strong><\/p>\n\n\n\n<p>\u00a1Enhorabuena, <strong>Mtro. Juan Campos<\/strong>!, gracias por su dedicaci\u00f3n y compromiso profundo con la educaci\u00f3n cultural, no solo en nuestro Colegio, sino con toda la sociedad veracruzana. \u00a1Muchas felicidades! \ud83d\udc96<\/p>\n\n\n\n<p>#OrgulloCol\u00f3n<br>#UnColegioDeVerdad<\/p>\n\n\n\n<figure class=\"wp-block-gallery columns-2 is-cropped wp-block-gallery-1 is-layout-flex wp-block-gallery-is-layout-flex\"><ul class=\"blocks-gallery-grid\"><li class=\"blocks-gallery-item\"><figure><img loading=\"lazy\" decoding=\"async\" width=\"470\" height=\"587\" src=\"colonver.com\/wp-content\/uploads\/2021\/03\/1607110065.jpg\" alt=\"\" data-id=\"1004\" data-full-url=\"colonver.com\/wp-content\/uploads\/2021\/03\/1607110065.jpg\" data-link=\"colonver.com\/?attachment_id=1004\" class=\"wp-image-1004\" srcset=\"https:\/\/colon.mx\/wp-content\/uploads\/2021\/03\/1607110065.jpg 470w, https:\/\/colon.mx\/wp-content\/uploads\/2021\/03\/1607110065-240x300.jpg 240w, https:\/\/colon.mx\/wp-content\/uploads\/2021\/03\/1607110065-370x462.jpg 370w, https:\/\/colon.mx\/wp-content\/uploads\/2021\/03\/1607110065-320x400.jpg 320w, https:\/\/colon.mx\/wp-content\/uploads\/2021\/03\/1607110065-442x552.jpg 442w\" sizes=\"auto, (max-width: 470px) 100vw, 470px\" \/><\/figure><\/li><li class=\"blocks-gallery-item\"><figure><img loading=\"lazy\" decoding=\"async\" width=\"791\" height=\"1024\" src=\"colonver.com\/wp-content\/uploads\/2021\/03\/1607110072-791x1024.jpg\" alt=\"\" data-id=\"1005\" data-full-url=\"colonver.com\/wp-content\/uploads\/2021\/03\/1607110072.jpg\" data-link=\"colonver.com\/?attachment_id=1005\" class=\"wp-image-1005\" srcset=\"https:\/\/colon.mx\/wp-content\/uploads\/2021\/03\/1607110072-791x1024.jpg 791w, https:\/\/colon.mx\/wp-content\/uploads\/2021\/03\/1607110072-232x300.jpg 232w, https:\/\/colon.mx\/wp-content\/uploads\/2021\/03\/1607110072-768x994.jpg 768w, https:\/\/colon.mx\/wp-content\/uploads\/2021\/03\/1607110072-1187x1536.jpg 1187w, https:\/\/colon.mx\/wp-content\/uploads\/2021\/03\/1607110072-370x479.jpg 370w, https:\/\/colon.mx\/wp-content\/uploads\/2021\/03\/1607110072-309x400.jpg 309w, https:\/\/colon.mx\/wp-content\/uploads\/2021\/03\/1607110072-427x552.jpg 427w, https:\/\/colon.mx\/wp-content\/uploads\/2021\/03\/1607110072-760x984.jpg 760w, https:\/\/colon.mx\/wp-content\/uploads\/2021\/03\/1607110072.jpg 1275w\" sizes=\"auto, (max-width: 791px) 100vw, 791px\" \/><\/figure><\/li><\/ul><\/figure>\n","protected":false},"excerpt":{"rendered":"<p>Felicitamos ampliamente a nuestro Mtro. Juan Antonio Campos Lopez por haber recibido el Reconocimiento&#8230; ..-H\u00e9roes de la Educaci\u00f3n 2020-, otorgado por la Secretar\u00eda de Educaci\u00f3n de Veracruz\ud83d\udcda\ud83d\udcbb Esto debido a la extraordinaria labor que ha beneficiado a alumnos de educaci\u00f3n&hellip;<\/p>\n","protected":false},"author":1,"featured_media":1006,"comment_status":"closed","ping_status":"closed","sticky":false,"template":"","format":"standard","meta":{"footnotes":""},"categories":[70,50],"tags":[52,53,55,51,54,48],"class_list":["post-1003","post","type-post","status-publish","format-standard","has-post-thumbnail","hentry","category-bachillerato","category-general","tag-danza","tag-festival","tag-folklore","tag-maestro","tag-musica","tag-veracruz"],"_links":{"self":[{"href":"https:\/\/colon.mx\/index.php\/wp-json\/wp\/v2\/posts\/1003","targetHints":{"allow":["GET"]}}],"collection":[{"href":"https:\/\/colon.mx\/index.php\/wp-json\/wp\/v2\/posts"}],"about":[{"href":"https:\/\/colon.mx\/index.php\/wp-json\/wp\/v2\/types\/post"}],"author":[{"embeddable":true,"href":"https:\/\/colon.mx\/index.php\/wp-json\/wp\/v2\/users\/1"}],"replies":[{"embeddable":true,"href":"https:\/\/colon.mx\/index.php\/wp-json\/wp\/v2\/comments?post=1003"}],"version-history":[{"count":0,"href":"https:\/\/colon.mx\/index.php\/wp-json\/wp\/v2\/posts\/1003\/revisions"}],"wp:featuredmedia":[{"embeddable":true,"href":"https:\/\/colon.mx\/index.php\/wp-json\/wp\/v2\/media\/1006"}],"wp:attachment":[{"href":"https:\/\/colon.mx\/index.php\/wp-json\/wp\/v2\/media?parent=1003"}],"wp:term":[{"taxonomy":"category","embeddable":true,"href":"https:\/\/colon.mx\/index.php\/wp-json\/wp\/v2\/categories?post=1003"},{"taxonomy":"post_tag","embeddable":true,"href":"https:\/\/colon.mx\/index.php\/wp-json\/wp\/v2\/tags?post=1003"}],"curies":[{"name":"wp","href":"https:\/\/api.w.org\/{rel}","templated":true}]}}