{"id":1092,"date":"2021-04-01T20:21:22","date_gmt":"2021-04-01T20:21:22","guid":{"rendered":"http:\/\/colonver.com\/?p=1092"},"modified":"2025-05-05T22:44:57","modified_gmt":"2025-05-05T22:44:57","slug":"carta-de-abril-de-2021","status":"publish","type":"post","link":"https:\/\/colon.mx\/index.php\/2021\/04\/01\/carta-de-abril-de-2021\/","title":{"rendered":"Carta de Abril de 2021"},"content":{"rendered":"\n<p><strong>Estimada Comunidad Educativa<\/strong><\/p>\n\n\n\n<p>Las l\u00edneas de este mes hacen referencia al Triduo Pascual; d\u00edas centrales del A\u00f1o Lit\u00fargico, en que la Iglesia, celebra el Misterio de la Pasi\u00f3n, Muerte y Resurrecci\u00f3n del Se\u00f1or.<\/p>\n\n\n\n<p>Este a\u00f1o, una vez m\u00e1s, viviremos las celebraciones Pascuales en medio de la pandemia; moviendo en nuestros corazones muchas situaciones de tristeza y desolaci\u00f3n como resultado, por ejemplo, del ego\u00edsmo, la soberbia, la indiferencia y la crueldad en el mundo.<\/p>\n\n\n\n<p>Al reflexionar en torno al significado del Triduo Pascual, podemos encontrar luces que orientan el sentido de la vida en la actualidad.<\/p>\n\n\n\n<p>Empezar\u00e9 por mencionar que, en el Jueves Santo, Cristo dej\u00f3 a la humanidad el testamento de amor en la Eucarist\u00eda; y los signos de humildad y de servicio al pr\u00f3jimo en el lavatorio de los pies de sus disc\u00edpulos.<\/p>\n\n\n\n<p>El <strong>Viernes Santo<\/strong> es el d\u00eda de penitencia, de ayuno y de oraci\u00f3n ante la Cruz que nos hace recordar el Calvario que vivi\u00f3 Jes\u00fas hasta su muerte, quien, siendo inocente, fue inmolado por nuestra salvaci\u00f3n para liberarnos de las tinieblas y de la resistencia a dejarnos ser amados por Dios.<\/p>\n\n\n\n<p>El <strong>S\u00e1bado Santo<\/strong>, d\u00eda del silencio, el d\u00eda en que la humanidad sufri\u00f3 ante la Pasi\u00f3n y Muerte de Jesucristo sumergidos en el miedo y desconcierto. Ese d\u00eda la figura de Mar\u00eda al pie de la Cruz, envuelta en llanto ante el deceso de su hijo amado y, en la hora m\u00e1s oscura de su vida, se convirti\u00f3 en nuestra Madre e intercesora frente a Jesucristo para brindarnos consuelo y esperanza de vida eterna.<\/p>\n\n\n\n<p>El <strong>Triduo Pascua<\/strong>l en esta Semana Santa nos exhorta para que como hijos de Dios vivamos como verdaderos hermanos; siendo siervos los unos de los otros y lav\u00e1ndonos, mutuamente, los pies como Jes\u00fas lo hizo con sus disc\u00edpulos; es decir ayud\u00e1ndonos en toda adversidad, ser sensible de las necesidades de los dem\u00e1s; as\u00ed como redimir nuestras diferencias para reconocer nuestras virtudes.<\/p>\n\n\n\n<p><strong>La presencia de Dios en nuestras vidas se hace evidente cuando permitimos su ayuda, a trav\u00e9s de nuestros seres queridos<\/strong>, amigos y de todas aquellas personas que se hacen presentes; as\u00ed como aquellos que se compadecieron de Jes\u00fas en el camino al Calvario para que su Cruz fuera menos pesada.<\/p>\n\n\n\n<p>Sin embargo, en ocasiones enfrentamos nuestros miedos y preocupaciones en un duro silencio y con ausencia de Dios; llev\u00e1ndonos a una terrible soledad y sufrimiento; perdiendo el sentido de nuestras vidas.<\/p>\n\n\n\n<p>Sensible y unida a todos ustedes ante los momentos que seguimos viviendo; los animo para que en la Vigilia Pascual tengamos el encuentro en la Fe con Cristo Resucitado, quien nos confirma tanto el perd\u00f3n de nuestros pecados como el hermoso signo de amor que es la promesa de la vida m\u00e1s all\u00e1 de la muerte.<\/p>\n\n\n\n<p>Ruego, fervientemente, que el pr\u00f3ximo Domingo de Pascua; cuando celebremos la Resurrecci\u00f3n de Jesucristo; llenos de profunda alegr\u00eda y esperanza anunciemos que venci\u00f3 a la muerte y nos dispongamos para ser la Buena Nueva en el mundo, dando testimonio de nuestro crecimiento en la Fe.<\/p>\n\n\n\n<p>Me despido de ustedes dejando este pasaje de Juan 3:16 <strong><em>\u201cPorque tanto am\u00f3 Dios al mundo que dio a su Hijo unig\u00e9nito, para que todo el que cree en \u00e9l no se pierda, sino que tenga vida eterna\u201d<\/em><\/strong><\/p>\n\n\n\n<p>Los abrazos con cari\u00f1o.<\/p>\n\n\n\n<p><strong>Mtra. Emma Ilesas Navarro<\/strong><br>Directora General<\/p>\n","protected":false},"excerpt":{"rendered":"<p>Estimada Comunidad Educativa Las l\u00edneas de este mes hacen referencia al Triduo Pascual; d\u00edas centrales del A\u00f1o Lit\u00fargico, en que la Iglesia, celebra el Misterio de la Pasi\u00f3n, Muerte y Resurrecci\u00f3n del Se\u00f1or. Este a\u00f1o, una vez m\u00e1s, viviremos las&hellip;<\/p>\n","protected":false},"author":1,"featured_media":1093,"comment_status":"closed","ping_status":"closed","sticky":false,"template":"","format":"standard","meta":{"footnotes":""},"categories":[50],"tags":[],"class_list":["post-1092","post","type-post","status-publish","format-standard","has-post-thumbnail","hentry","category-general"],"_links":{"self":[{"href":"https:\/\/colon.mx\/index.php\/wp-json\/wp\/v2\/posts\/1092","targetHints":{"allow":["GET"]}}],"collection":[{"href":"https:\/\/colon.mx\/index.php\/wp-json\/wp\/v2\/posts"}],"about":[{"href":"https:\/\/colon.mx\/index.php\/wp-json\/wp\/v2\/types\/post"}],"author":[{"embeddable":true,"href":"https:\/\/colon.mx\/index.php\/wp-json\/wp\/v2\/users\/1"}],"replies":[{"embeddable":true,"href":"https:\/\/colon.mx\/index.php\/wp-json\/wp\/v2\/comments?post=1092"}],"version-history":[{"count":0,"href":"https:\/\/colon.mx\/index.php\/wp-json\/wp\/v2\/posts\/1092\/revisions"}],"wp:featuredmedia":[{"embeddable":true,"href":"https:\/\/colon.mx\/index.php\/wp-json\/wp\/v2\/media\/1093"}],"wp:attachment":[{"href":"https:\/\/colon.mx\/index.php\/wp-json\/wp\/v2\/media?parent=1092"}],"wp:term":[{"taxonomy":"category","embeddable":true,"href":"https:\/\/colon.mx\/index.php\/wp-json\/wp\/v2\/categories?post=1092"},{"taxonomy":"post_tag","embeddable":true,"href":"https:\/\/colon.mx\/index.php\/wp-json\/wp\/v2\/tags?post=1092"}],"curies":[{"name":"wp","href":"https:\/\/api.w.org\/{rel}","templated":true}]}}