{"id":2374,"date":"2025-03-20T00:28:00","date_gmt":"2025-03-20T00:28:00","guid":{"rendered":"https:\/\/ccolonstg.wpenginepowered.com\/?p=2374"},"modified":"2025-05-06T00:35:44","modified_gmt":"2025-05-06T00:35:44","slug":"segundo-congreso-internacional-de-educacion-escolapia-peregrinos-de-esperanza-por-una-educacion-transformadora","status":"publish","type":"post","link":"https:\/\/colon.mx\/index.php\/2025\/03\/20\/segundo-congreso-internacional-de-educacion-escolapia-peregrinos-de-esperanza-por-una-educacion-transformadora\/","title":{"rendered":"Segundo Congreso Internacional de Educaci\u00f3n Escolapia \u2013 Peregrinos de Esperanza por una Educaci\u00f3n Transformadora"},"content":{"rendered":"\n<p><strong>Nuestra participaci\u00f3n en Budapest renueva el compromiso con una educaci\u00f3n que forma corazones, transforma realidades y se inspira en el carisma de Calasanz.<\/strong><\/p>\n\n\n\n<p>Del 10 al 14 de marzo de 2025, tuvimos el privilegio de participar en el <em>Segundo Congreso Internacional de Educaci\u00f3n Escolapia<\/em>, celebrado en Budapest, Turqu\u00eda. M\u00e1s de 220 personas, religiosas y laicas, provenientes de 44 pa\u00edses, nos reunimos bajo el lema <em>\u201cPeregrinos de esperanza\u201d<\/em>, para reflexionar, compartir y so\u00f1ar juntos una educaci\u00f3n integral que responda a los desaf\u00edos del mundo actual desde la espiritualidad calasancia.<\/p>\n\n\n\n<p>Nuestro colegio estuvo representado por la Mtra. Emma Illescas Navarro, Directora General, y la Mtra. Mar\u00eda Teresa Armas Cano, Directora Acad\u00e9mica de Secundaria. Ellas participaron en este encuentro como parte de la delegaci\u00f3n mexicana, junto a otros representantes de las Escuelas P\u00edas de nuestra provincia.<\/p>\n\n\n\n<p>Durante el congreso se llevaron a cabo conferencias magistrales, mesas redondas y talleres sobre temas como el cambio social, la evangelizaci\u00f3n, el medio ambiente, salud mental, migraci\u00f3n, inteligencia artificial, identidad cultural y el rol transformador de la educaci\u00f3n. Adem\u00e1s, se vivieron momentos profundamente emotivos, como la visita a la tumba del P. Vicente Tomek, la c\u00e1lida bienvenida por parte de los alumnos escolapios de Budapest, y la eucarist\u00eda de clausura presidida por el nuncio de Hungr\u00eda, Mons. Michael W. Banach.<\/p>\n\n\n\n<p>Nuestra directora acad\u00e9mica, Mtra. Mar\u00eda Teresa Armas Cano, tuvo el honor de compartir los ecos de reflexi\u00f3n finales en representaci\u00f3n de M\u00e9xico, reafirmando la necesidad de educadores que crean en los j\u00f3venes, desde una propuesta centrada en Jes\u00fas y abierta al trabajo colaborativo, el liderazgo compartido y la transformaci\u00f3n social.<\/p>\n\n\n\n<p>Este congreso, guiado por la pasi\u00f3n educativa y el esp\u00edritu de comuni\u00f3n, fue un recordatorio de que estamos llamados a construir Escuelas P\u00edas a 360\u00ba: con identidad, inclusi\u00f3n, innovaci\u00f3n y profundo compromiso evang\u00e9lico.<\/p>\n\n\n\n<p>Damos gracias a Dios por esta vivencia transformadora, y a la Virgen de las Escuelas P\u00edas encomendamos nuestra misi\u00f3n de educar con fe, conciencia y esperanza.<\/p>\n\n\n\n<figure class=\"wp-block-gallery has-nested-images columns-default is-cropped wp-block-gallery-1 is-layout-flex wp-block-gallery-is-layout-flex\">\n<figure class=\"wp-block-image size-large\"><img loading=\"lazy\" decoding=\"async\" width=\"800\" height=\"1000\" data-id=\"2376\" src=\"https:\/\/colon.mx\/wp-content\/uploads\/2025\/05\/Editadas-1-de-8.jpg\" alt=\"\" class=\"wp-image-2376\" srcset=\"https:\/\/colon.mx\/wp-content\/uploads\/2025\/05\/Editadas-1-de-8.jpg 800w, https:\/\/colon.mx\/wp-content\/uploads\/2025\/05\/Editadas-1-de-8-240x300.jpg 240w, https:\/\/colon.mx\/wp-content\/uploads\/2025\/05\/Editadas-1-de-8-768x960.jpg 768w, https:\/\/colon.mx\/wp-content\/uploads\/2025\/05\/Editadas-1-de-8-370x463.jpg 370w, https:\/\/colon.mx\/wp-content\/uploads\/2025\/05\/Editadas-1-de-8-320x400.jpg 320w, https:\/\/colon.mx\/wp-content\/uploads\/2025\/05\/Editadas-1-de-8-442x552.jpg 442w, https:\/\/colon.mx\/wp-content\/uploads\/2025\/05\/Editadas-1-de-8-760x950.jpg 760w\" sizes=\"auto, (max-width: 800px) 100vw, 800px\" \/><\/figure>\n\n\n\n<figure class=\"wp-block-image size-large\"><img loading=\"lazy\" decoding=\"async\" width=\"800\" height=\"1000\" data-id=\"2375\" src=\"https:\/\/colon.mx\/wp-content\/uploads\/2025\/05\/Editadas-2-de-8.jpg\" alt=\"\" class=\"wp-image-2375\" srcset=\"https:\/\/colon.mx\/wp-content\/uploads\/2025\/05\/Editadas-2-de-8.jpg 800w, https:\/\/colon.mx\/wp-content\/uploads\/2025\/05\/Editadas-2-de-8-240x300.jpg 240w, https:\/\/colon.mx\/wp-content\/uploads\/2025\/05\/Editadas-2-de-8-768x960.jpg 768w, https:\/\/colon.mx\/wp-content\/uploads\/2025\/05\/Editadas-2-de-8-370x463.jpg 370w, https:\/\/colon.mx\/wp-content\/uploads\/2025\/05\/Editadas-2-de-8-320x400.jpg 320w, https:\/\/colon.mx\/wp-content\/uploads\/2025\/05\/Editadas-2-de-8-442x552.jpg 442w, https:\/\/colon.mx\/wp-content\/uploads\/2025\/05\/Editadas-2-de-8-760x950.jpg 760w\" sizes=\"auto, (max-width: 800px) 100vw, 800px\" \/><\/figure>\n\n\n\n<figure class=\"wp-block-image size-large\"><img loading=\"lazy\" decoding=\"async\" width=\"800\" height=\"1000\" data-id=\"2379\" src=\"https:\/\/colon.mx\/wp-content\/uploads\/2025\/05\/Editadas-3-de-8.jpg\" alt=\"\" class=\"wp-image-2379\" srcset=\"https:\/\/colon.mx\/wp-content\/uploads\/2025\/05\/Editadas-3-de-8.jpg 800w, https:\/\/colon.mx\/wp-content\/uploads\/2025\/05\/Editadas-3-de-8-240x300.jpg 240w, https:\/\/colon.mx\/wp-content\/uploads\/2025\/05\/Editadas-3-de-8-768x960.jpg 768w, https:\/\/colon.mx\/wp-content\/uploads\/2025\/05\/Editadas-3-de-8-370x463.jpg 370w, https:\/\/colon.mx\/wp-content\/uploads\/2025\/05\/Editadas-3-de-8-320x400.jpg 320w, https:\/\/colon.mx\/wp-content\/uploads\/2025\/05\/Editadas-3-de-8-442x552.jpg 442w, https:\/\/colon.mx\/wp-content\/uploads\/2025\/05\/Editadas-3-de-8-760x950.jpg 760w\" sizes=\"auto, (max-width: 800px) 100vw, 800px\" \/><\/figure>\n\n\n\n<figure class=\"wp-block-image size-large\"><img loading=\"lazy\" decoding=\"async\" width=\"800\" height=\"1000\" data-id=\"2380\" src=\"https:\/\/colon.mx\/wp-content\/uploads\/2025\/05\/Editadas-4-de-8.jpg\" alt=\"\" class=\"wp-image-2380\" srcset=\"https:\/\/colon.mx\/wp-content\/uploads\/2025\/05\/Editadas-4-de-8.jpg 800w, https:\/\/colon.mx\/wp-content\/uploads\/2025\/05\/Editadas-4-de-8-240x300.jpg 240w, https:\/\/colon.mx\/wp-content\/uploads\/2025\/05\/Editadas-4-de-8-768x960.jpg 768w, https:\/\/colon.mx\/wp-content\/uploads\/2025\/05\/Editadas-4-de-8-370x463.jpg 370w, https:\/\/colon.mx\/wp-content\/uploads\/2025\/05\/Editadas-4-de-8-320x400.jpg 320w, https:\/\/colon.mx\/wp-content\/uploads\/2025\/05\/Editadas-4-de-8-442x552.jpg 442w, https:\/\/colon.mx\/wp-content\/uploads\/2025\/05\/Editadas-4-de-8-760x950.jpg 760w\" sizes=\"auto, (max-width: 800px) 100vw, 800px\" \/><\/figure>\n\n\n\n<figure class=\"wp-block-image size-large\"><img loading=\"lazy\" decoding=\"async\" width=\"800\" height=\"1000\" data-id=\"2377\" src=\"https:\/\/colon.mx\/wp-content\/uploads\/2025\/05\/Editadas-5-de-8.jpg\" alt=\"\" class=\"wp-image-2377\" srcset=\"https:\/\/colon.mx\/wp-content\/uploads\/2025\/05\/Editadas-5-de-8.jpg 800w, https:\/\/colon.mx\/wp-content\/uploads\/2025\/05\/Editadas-5-de-8-240x300.jpg 240w, https:\/\/colon.mx\/wp-content\/uploads\/2025\/05\/Editadas-5-de-8-768x960.jpg 768w, https:\/\/colon.mx\/wp-content\/uploads\/2025\/05\/Editadas-5-de-8-370x463.jpg 370w, https:\/\/colon.mx\/wp-content\/uploads\/2025\/05\/Editadas-5-de-8-320x400.jpg 320w, https:\/\/colon.mx\/wp-content\/uploads\/2025\/05\/Editadas-5-de-8-442x552.jpg 442w, https:\/\/colon.mx\/wp-content\/uploads\/2025\/05\/Editadas-5-de-8-760x950.jpg 760w\" sizes=\"auto, (max-width: 800px) 100vw, 800px\" \/><\/figure>\n\n\n\n<figure class=\"wp-block-image size-large\"><img loading=\"lazy\" decoding=\"async\" width=\"1000\" height=\"667\" data-id=\"2378\" src=\"https:\/\/colon.mx\/wp-content\/uploads\/2025\/05\/Editadas-6-de-8.jpg\" alt=\"\" class=\"wp-image-2378\" srcset=\"https:\/\/colon.mx\/wp-content\/uploads\/2025\/05\/Editadas-6-de-8.jpg 1000w, https:\/\/colon.mx\/wp-content\/uploads\/2025\/05\/Editadas-6-de-8-300x200.jpg 300w, https:\/\/colon.mx\/wp-content\/uploads\/2025\/05\/Editadas-6-de-8-768x512.jpg 768w, https:\/\/colon.mx\/wp-content\/uploads\/2025\/05\/Editadas-6-de-8-370x247.jpg 370w, https:\/\/colon.mx\/wp-content\/uploads\/2025\/05\/Editadas-6-de-8-600x400.jpg 600w, https:\/\/colon.mx\/wp-content\/uploads\/2025\/05\/Editadas-6-de-8-828x552.jpg 828w, https:\/\/colon.mx\/wp-content\/uploads\/2025\/05\/Editadas-6-de-8-760x507.jpg 760w\" sizes=\"auto, (max-width: 1000px) 100vw, 1000px\" \/><\/figure>\n\n\n\n<figure class=\"wp-block-image size-large\"><img loading=\"lazy\" decoding=\"async\" width=\"1000\" height=\"667\" data-id=\"2382\" src=\"https:\/\/colon.mx\/wp-content\/uploads\/2025\/05\/Editadas-7-de-8.jpg\" alt=\"\" class=\"wp-image-2382\" srcset=\"https:\/\/colon.mx\/wp-content\/uploads\/2025\/05\/Editadas-7-de-8.jpg 1000w, https:\/\/colon.mx\/wp-content\/uploads\/2025\/05\/Editadas-7-de-8-300x200.jpg 300w, https:\/\/colon.mx\/wp-content\/uploads\/2025\/05\/Editadas-7-de-8-768x512.jpg 768w, https:\/\/colon.mx\/wp-content\/uploads\/2025\/05\/Editadas-7-de-8-370x247.jpg 370w, https:\/\/colon.mx\/wp-content\/uploads\/2025\/05\/Editadas-7-de-8-600x400.jpg 600w, https:\/\/colon.mx\/wp-content\/uploads\/2025\/05\/Editadas-7-de-8-828x552.jpg 828w, https:\/\/colon.mx\/wp-content\/uploads\/2025\/05\/Editadas-7-de-8-760x507.jpg 760w\" sizes=\"auto, (max-width: 1000px) 100vw, 1000px\" \/><\/figure>\n\n\n\n<figure class=\"wp-block-image size-large\"><img loading=\"lazy\" decoding=\"async\" width=\"1000\" height=\"667\" data-id=\"2381\" src=\"https:\/\/colon.mx\/wp-content\/uploads\/2025\/05\/Editadas-8-de-8.jpg\" alt=\"\" class=\"wp-image-2381\" srcset=\"https:\/\/colon.mx\/wp-content\/uploads\/2025\/05\/Editadas-8-de-8.jpg 1000w, https:\/\/colon.mx\/wp-content\/uploads\/2025\/05\/Editadas-8-de-8-300x200.jpg 300w, https:\/\/colon.mx\/wp-content\/uploads\/2025\/05\/Editadas-8-de-8-768x512.jpg 768w, https:\/\/colon.mx\/wp-content\/uploads\/2025\/05\/Editadas-8-de-8-370x247.jpg 370w, https:\/\/colon.mx\/wp-content\/uploads\/2025\/05\/Editadas-8-de-8-600x400.jpg 600w, https:\/\/colon.mx\/wp-content\/uploads\/2025\/05\/Editadas-8-de-8-828x552.jpg 828w, https:\/\/colon.mx\/wp-content\/uploads\/2025\/05\/Editadas-8-de-8-760x507.jpg 760w\" sizes=\"auto, (max-width: 1000px) 100vw, 1000px\" \/><\/figure>\n<\/figure>\n","protected":false},"excerpt":{"rendered":"<p>Nuestra participaci\u00f3n en Budapest renueva el compromiso con una educaci\u00f3n que forma corazones, transforma realidades y se inspira en el carisma de Calasanz. Del 10 al 14 de marzo de 2025, tuvimos el privilegio de participar en el Segundo Congreso&hellip;<\/p>\n","protected":false},"author":1,"featured_media":2383,"comment_status":"closed","ping_status":"closed","sticky":false,"template":"","format":"standard","meta":{"footnotes":""},"categories":[50],"tags":[130,83,127,128,132,131,90,129,85,48],"class_list":["post-2374","post","type-post","status-publish","format-standard","has-post-thumbnail","hentry","category-general","tag-budapest-2025","tag-colegio-cristobal-colon","tag-congreso-internacional-escolapio","tag-educacion-integral","tag-educacion-transformadora","tag-escuelas-pias","tag-familia-colon","tag-pedagogia-calasancia","tag-peregrinos-de-esperanza","tag-veracruz"],"_links":{"self":[{"href":"https:\/\/colon.mx\/index.php\/wp-json\/wp\/v2\/posts\/2374","targetHints":{"allow":["GET"]}}],"collection":[{"href":"https:\/\/colon.mx\/index.php\/wp-json\/wp\/v2\/posts"}],"about":[{"href":"https:\/\/colon.mx\/index.php\/wp-json\/wp\/v2\/types\/post"}],"author":[{"embeddable":true,"href":"https:\/\/colon.mx\/index.php\/wp-json\/wp\/v2\/users\/1"}],"replies":[{"embeddable":true,"href":"https:\/\/colon.mx\/index.php\/wp-json\/wp\/v2\/comments?post=2374"}],"version-history":[{"count":0,"href":"https:\/\/colon.mx\/index.php\/wp-json\/wp\/v2\/posts\/2374\/revisions"}],"wp:featuredmedia":[{"embeddable":true,"href":"https:\/\/colon.mx\/index.php\/wp-json\/wp\/v2\/media\/2383"}],"wp:attachment":[{"href":"https:\/\/colon.mx\/index.php\/wp-json\/wp\/v2\/media?parent=2374"}],"wp:term":[{"taxonomy":"category","embeddable":true,"href":"https:\/\/colon.mx\/index.php\/wp-json\/wp\/v2\/categories?post=2374"},{"taxonomy":"post_tag","embeddable":true,"href":"https:\/\/colon.mx\/index.php\/wp-json\/wp\/v2\/tags?post=2374"}],"curies":[{"name":"wp","href":"https:\/\/api.w.org\/{rel}","templated":true}]}}