{"id":2387,"date":"2025-03-11T01:07:00","date_gmt":"2025-03-11T01:07:00","guid":{"rendered":"https:\/\/ccolonstg.wpenginepowered.com\/?p=2387"},"modified":"2025-05-06T01:11:49","modified_gmt":"2025-05-06T01:11:49","slug":"foro-de-educacion-catolica-llamados-a-ser-mas-por-nuestra-casa-comun","status":"publish","type":"post","link":"https:\/\/colon.mx\/index.php\/2025\/03\/11\/foro-de-educacion-catolica-llamados-a-ser-mas-por-nuestra-casa-comun\/","title":{"rendered":"Foro de Educaci\u00f3n Cat\u00f3lica \u2013 Llamados a Ser M\u00e1s por Nuestra Casa Com\u00fan"},"content":{"rendered":"\n<p><strong>Una experiencia de reflexi\u00f3n, espiritualidad y compromiso educativo compartido por educadores de todo el pa\u00eds.<\/strong><\/p>\n\n\n\n<p>Nuestra misi\u00f3n como comunidad educativa se fortalece cuando compartimos espacios con quienes buscan transformar el mundo desde la fe, la empat\u00eda y el cuidado de la creaci\u00f3n. Con ese esp\u00edritu, la Mtra. Emma Illescas Navarro, Directora General, y la Mtra. Yolanda A. Guerrero Arciniega, Directora de Primaria, representaron a nuestro colegio en el <em>Foro de Educaci\u00f3n Cat\u00f3lica \u201cLlamados a Ser M\u00e1s\u201d<\/em>, organizado por SM M\u00e9xico en la Ciudad de M\u00e9xico.<\/p>\n\n\n\n<p>Durante los d\u00edas 26, 27 y 28 de febrero, m\u00e1s de 300 educadores se reunieron para reflexionar, compartir buenas pr\u00e1cticas y renovar su compromiso con una educaci\u00f3n cat\u00f3lica que responda a los desaf\u00edos actuales. Inspirados por las enc\u00edclicas <em>Fratelli Tutti<\/em> y <em>Laudato Si\u2019<\/em>, se llevaron a cabo conferencias, paneles, talleres y momentos de espiritualidad que nos invitaron a mirar con profundidad nuestra labor como formadores de conciencia, empat\u00eda y esperanza.<\/p>\n\n\n\n<p>El evento comenz\u00f3 con una eucarist\u00eda en la Bas\u00edlica de Guadalupe, presidida por el Cardenal Carlos Aguiar Retes. A lo largo del foro, se abordaron temas como la ecolog\u00eda integral, el uso responsable de la tecnolog\u00eda, las escuelas que cuidan, y la espiritualidad ecol\u00f3gica, adem\u00e1s de actividades culturales como la participaci\u00f3n de Mart\u00edn Valverde.<\/p>\n\n\n\n<p><em>Fue especialmente valioso coincidir con hermanos de otros colegios de la Provincia, compartiendo experiencias y renovando nuestra visi\u00f3n del trabajo en red. Nos llevamos aprendizajes, nuevas perspectivas y la certeza de que educar es tambi\u00e9n formar corazones comprometidos con el planeta y con el pr\u00f3jimo.<\/em><\/p>\n\n\n\n<p>Agradecemos a SM M\u00e9xico por esta experiencia profundamente enriquecedora. Sigamos construyendo juntos una educaci\u00f3n transformadora, con el horizonte claro de la fraternidad y el cuidado de nuestra casa com\u00fan. \ud83d\udc99\ud83c\udf0d\u2728<\/p>\n\n\n\n<figure class=\"wp-block-gallery has-nested-images columns-default is-cropped wp-block-gallery-1 is-layout-flex wp-block-gallery-is-layout-flex\">\n<figure class=\"wp-block-image size-large\"><img loading=\"lazy\" decoding=\"async\" width=\"1024\" height=\"1024\" data-id=\"2388\" src=\"https:\/\/colon.mx\/wp-content\/uploads\/2025\/05\/3-1-1024x1024.jpg\" alt=\"\" class=\"wp-image-2388\" srcset=\"https:\/\/colon.mx\/wp-content\/uploads\/2025\/05\/3-1-1024x1024.jpg 1024w, https:\/\/colon.mx\/wp-content\/uploads\/2025\/05\/3-1-300x300.jpg 300w, https:\/\/colon.mx\/wp-content\/uploads\/2025\/05\/3-1-150x150.jpg 150w, https:\/\/colon.mx\/wp-content\/uploads\/2025\/05\/3-1-768x768.jpg 768w, https:\/\/colon.mx\/wp-content\/uploads\/2025\/05\/3-1-370x370.jpg 370w, https:\/\/colon.mx\/wp-content\/uploads\/2025\/05\/3-1-90x90.jpg 90w, https:\/\/colon.mx\/wp-content\/uploads\/2025\/05\/3-1-400x400.jpg 400w, https:\/\/colon.mx\/wp-content\/uploads\/2025\/05\/3-1-552x552.jpg 552w, https:\/\/colon.mx\/wp-content\/uploads\/2025\/05\/3-1-270x270.jpg 270w, https:\/\/colon.mx\/wp-content\/uploads\/2025\/05\/3-1-760x760.jpg 760w, https:\/\/colon.mx\/wp-content\/uploads\/2025\/05\/3-1.jpg 1080w\" sizes=\"auto, (max-width: 1024px) 100vw, 1024px\" \/><\/figure>\n\n\n\n<figure class=\"wp-block-image size-large\"><img loading=\"lazy\" decoding=\"async\" width=\"1024\" height=\"1024\" data-id=\"2390\" src=\"https:\/\/colon.mx\/wp-content\/uploads\/2025\/05\/2-1024x1024.jpg\" alt=\"\" class=\"wp-image-2390\" srcset=\"https:\/\/colon.mx\/wp-content\/uploads\/2025\/05\/2-1024x1024.jpg 1024w, https:\/\/colon.mx\/wp-content\/uploads\/2025\/05\/2-300x300.jpg 300w, https:\/\/colon.mx\/wp-content\/uploads\/2025\/05\/2-150x150.jpg 150w, https:\/\/colon.mx\/wp-content\/uploads\/2025\/05\/2-768x768.jpg 768w, https:\/\/colon.mx\/wp-content\/uploads\/2025\/05\/2-370x370.jpg 370w, https:\/\/colon.mx\/wp-content\/uploads\/2025\/05\/2-90x90.jpg 90w, https:\/\/colon.mx\/wp-content\/uploads\/2025\/05\/2-400x400.jpg 400w, https:\/\/colon.mx\/wp-content\/uploads\/2025\/05\/2-552x552.jpg 552w, https:\/\/colon.mx\/wp-content\/uploads\/2025\/05\/2-270x270.jpg 270w, https:\/\/colon.mx\/wp-content\/uploads\/2025\/05\/2-760x760.jpg 760w, https:\/\/colon.mx\/wp-content\/uploads\/2025\/05\/2.jpg 1080w\" sizes=\"auto, (max-width: 1024px) 100vw, 1024px\" \/><\/figure>\n\n\n\n<figure class=\"wp-block-image size-large\"><img loading=\"lazy\" decoding=\"async\" width=\"1024\" height=\"1024\" data-id=\"2389\" src=\"https:\/\/colon.mx\/wp-content\/uploads\/2025\/05\/4-1-1024x1024.jpg\" alt=\"\" class=\"wp-image-2389\" srcset=\"https:\/\/colon.mx\/wp-content\/uploads\/2025\/05\/4-1-1024x1024.jpg 1024w, https:\/\/colon.mx\/wp-content\/uploads\/2025\/05\/4-1-300x300.jpg 300w, https:\/\/colon.mx\/wp-content\/uploads\/2025\/05\/4-1-150x150.jpg 150w, https:\/\/colon.mx\/wp-content\/uploads\/2025\/05\/4-1-768x768.jpg 768w, https:\/\/colon.mx\/wp-content\/uploads\/2025\/05\/4-1-370x370.jpg 370w, https:\/\/colon.mx\/wp-content\/uploads\/2025\/05\/4-1-90x90.jpg 90w, https:\/\/colon.mx\/wp-content\/uploads\/2025\/05\/4-1-400x400.jpg 400w, https:\/\/colon.mx\/wp-content\/uploads\/2025\/05\/4-1-552x552.jpg 552w, https:\/\/colon.mx\/wp-content\/uploads\/2025\/05\/4-1-270x270.jpg 270w, https:\/\/colon.mx\/wp-content\/uploads\/2025\/05\/4-1-760x760.jpg 760w, https:\/\/colon.mx\/wp-content\/uploads\/2025\/05\/4-1.jpg 1080w\" sizes=\"auto, (max-width: 1024px) 100vw, 1024px\" \/><\/figure>\n<\/figure>\n","protected":false},"excerpt":{"rendered":"<p>Una experiencia de reflexi\u00f3n, espiritualidad y compromiso educativo compartido por educadores de todo el pa\u00eds. Nuestra misi\u00f3n como comunidad educativa se fortalece cuando compartimos espacios con quienes buscan transformar el mundo desde la fe, la empat\u00eda y el cuidado de&hellip;<\/p>\n","protected":false},"author":1,"featured_media":2391,"comment_status":"closed","ping_status":"closed","sticky":false,"template":"","format":"standard","meta":{"footnotes":""},"categories":[50],"tags":[139,83,138,135,131,90,133,136,137,134,140,48],"class_list":["post-2387","post","type-post","status-publish","format-standard","has-post-thumbnail","hentry","category-general","tag-casa-comun","tag-colegio-cristobal-colon","tag-ecologia-integral","tag-educacion-catolica","tag-escuelas-pias","tag-familia-colon","tag-foro-sm-mexico","tag-fratelli-tutti","tag-laudato-si","tag-llamados-a-ser-mas","tag-primaria-ccc","tag-veracruz"],"_links":{"self":[{"href":"https:\/\/colon.mx\/index.php\/wp-json\/wp\/v2\/posts\/2387","targetHints":{"allow":["GET"]}}],"collection":[{"href":"https:\/\/colon.mx\/index.php\/wp-json\/wp\/v2\/posts"}],"about":[{"href":"https:\/\/colon.mx\/index.php\/wp-json\/wp\/v2\/types\/post"}],"author":[{"embeddable":true,"href":"https:\/\/colon.mx\/index.php\/wp-json\/wp\/v2\/users\/1"}],"replies":[{"embeddable":true,"href":"https:\/\/colon.mx\/index.php\/wp-json\/wp\/v2\/comments?post=2387"}],"version-history":[{"count":0,"href":"https:\/\/colon.mx\/index.php\/wp-json\/wp\/v2\/posts\/2387\/revisions"}],"wp:featuredmedia":[{"embeddable":true,"href":"https:\/\/colon.mx\/index.php\/wp-json\/wp\/v2\/media\/2391"}],"wp:attachment":[{"href":"https:\/\/colon.mx\/index.php\/wp-json\/wp\/v2\/media?parent=2387"}],"wp:term":[{"taxonomy":"category","embeddable":true,"href":"https:\/\/colon.mx\/index.php\/wp-json\/wp\/v2\/categories?post=2387"},{"taxonomy":"post_tag","embeddable":true,"href":"https:\/\/colon.mx\/index.php\/wp-json\/wp\/v2\/tags?post=2387"}],"curies":[{"name":"wp","href":"https:\/\/api.w.org\/{rel}","templated":true}]}}