{"id":2477,"date":"2025-10-10T01:41:59","date_gmt":"2025-10-10T01:41:59","guid":{"rendered":"https:\/\/ccolonstg.wpenginepowered.com\/?p=2477"},"modified":"2025-10-10T01:42:00","modified_gmt":"2025-10-10T01:42:00","slug":"bibesco-2025-la-lectura-como-semilla-de-comunidad-y-transformacion","status":"publish","type":"post","link":"https:\/\/colon.mx\/index.php\/2025\/10\/10\/bibesco-2025-la-lectura-como-semilla-de-comunidad-y-transformacion\/","title":{"rendered":"BIBESCO 2025 \u2013 La lectura como semilla de comunidad y transformaci\u00f3n"},"content":{"rendered":"\n<p>Nuestra participaci\u00f3n en el <strong>Encuentro Internacional de Bibliotecas Escolares<\/strong> reafirma nuestro compromiso con la lectura como puente para la convivencia, la reflexi\u00f3n y el cambio.<\/p>\n\n\n\n<p>Los d\u00edas <strong>1, 2 y 3 de octubre<\/strong>, participamos en el <em>4.\u00ba Encuentro Internacional de Bibliotecas Escolares: BIBESCO 2025<\/em>, bajo el lema <em>\u201cLa lectura, semilla que genera comunidad\u201d<\/em>. El evento se llev\u00f3 a cabo en la <strong>USBI Veracruz<\/strong> de la Universidad Veracruzana, y reuni\u00f3 a promotores, bibliotecarios y especialistas de todo el pa\u00eds.<\/p>\n\n\n\n<p>Representando a nuestro colegio, asisti\u00f3 la <strong>Lic. Diana Itzel \u00c1valos Soto<\/strong>, encargada de la biblioteca de Secundaria y Bachillerato, quien form\u00f3 parte activa en conferencias, talleres y conversatorios enfocados en fortalecer el papel de la biblioteca escolar como un espacio vivo y formativo.<\/p>\n\n\n\n<figure class=\"wp-block-image size-large\"><img loading=\"lazy\" decoding=\"async\" width=\"1024\" height=\"768\" src=\"https:\/\/colon.mx\/wp-content\/uploads\/2025\/10\/2-Seleccion-Biblioteca-1024x768.jpg\" alt=\"\" class=\"wp-image-2478\" srcset=\"https:\/\/colon.mx\/wp-content\/uploads\/2025\/10\/2-Seleccion-Biblioteca-1024x768.jpg 1024w, https:\/\/colon.mx\/wp-content\/uploads\/2025\/10\/2-Seleccion-Biblioteca-300x225.jpg 300w, https:\/\/colon.mx\/wp-content\/uploads\/2025\/10\/2-Seleccion-Biblioteca-768x576.jpg 768w, https:\/\/colon.mx\/wp-content\/uploads\/2025\/10\/2-Seleccion-Biblioteca-1536x1152.jpg 1536w, https:\/\/colon.mx\/wp-content\/uploads\/2025\/10\/2-Seleccion-Biblioteca-2048x1536.jpg 2048w, https:\/\/colon.mx\/wp-content\/uploads\/2025\/10\/2-Seleccion-Biblioteca-370x278.jpg 370w, https:\/\/colon.mx\/wp-content\/uploads\/2025\/10\/2-Seleccion-Biblioteca-533x400.jpg 533w, https:\/\/colon.mx\/wp-content\/uploads\/2025\/10\/2-Seleccion-Biblioteca-736x552.jpg 736w, https:\/\/colon.mx\/wp-content\/uploads\/2025\/10\/2-Seleccion-Biblioteca-760x570.jpg 760w\" sizes=\"auto, (max-width: 1024px) 100vw, 1024px\" \/><\/figure>\n\n\n\n<p><\/p>\n\n\n\n<p>La jornada inicial comenz\u00f3 con la conferencia <em>\u201cLa voz que lee tambi\u00e9n abraza\u201d<\/em> por <strong>Mar\u00eda Camila Monroy<\/strong>, seguida por un conversatorio sobre el impacto de la lectura compartida entre escuela y hogar. Por la tarde, la Mtra. <strong>Erika Burgos<\/strong> imparti\u00f3 el taller <em>\u201cMediar la lectura de libros informativos en la casa y la escuela\u201d<\/em>, brindando herramientas para docentes, bibliotecarios y familias.<\/p>\n\n\n\n<p>En el segundo d\u00eda, el ponente <strong>Leonel Plaza<\/strong>, fundador del Programa Nacional <em>Salas de Lectura<\/em> en Veracruz, ofreci\u00f3 una charla profunda sobre la dimensi\u00f3n emocional de las bibliotecas escolares. En el conversatorio posterior, se abordaron los retos que enfrentan los bibliotecarios, destacando el agotamiento emocional que conlleva esta labor y la necesidad de trabajar en red. M\u00e1s tarde, el taller <em>\u201cCrear y movilizar comunidades lectoras en la escuela\u201d<\/em> proporcion\u00f3 estrategias pr\u00e1cticas para fomentar el h\u00e1bito lector desde lo colectivo.<\/p>\n\n\n\n<figure class=\"wp-block-image size-full\"><img loading=\"lazy\" decoding=\"async\" width=\"15518\" height=\"11639\" src=\"https:\/\/colon.mx\/wp-content\/uploads\/2025\/10\/10-Seleccion-Biblioteca.jpg\" alt=\"\" class=\"wp-image-2479\"\/><\/figure>\n\n\n\n<p><br>El \u00faltimo d\u00eda incluy\u00f3 un conversatorio con la autora <strong>Ana Garral\u00f3n<\/strong>, quien present\u00f3 su libro <em>\u201cLas incursoras. Mujeres, libros, infancias\u201d<\/em>, resaltando el papel de las mujeres en la historia de la literatura infantil. La <strong>conferencia plenaria<\/strong> estuvo a cargo de la neurocient\u00edfica <strong>Andrea Garza<\/strong>, con el tema <em>\u201cLeer, crear y mediar en tiempos de inteligencia artificial\u201d<\/em>, donde reflexion\u00f3 sobre el papel del pensamiento cr\u00edtico en la era digital. El evento concluy\u00f3 con el taller <em>\u201cModelando estrategias de lectura en voz alta\u201d<\/em>, dirigido por <strong>Ana Amelia Arenzana<\/strong>, formadora de promotores de lectura a nivel nacional.<\/p>\n\n\n\n<figure class=\"wp-block-image size-large\"><img loading=\"lazy\" decoding=\"async\" width=\"1024\" height=\"768\" src=\"https:\/\/colon.mx\/wp-content\/uploads\/2025\/10\/4-Seleccion-Biblioteca-1024x768.jpg\" alt=\"\" class=\"wp-image-2480\" srcset=\"https:\/\/colon.mx\/wp-content\/uploads\/2025\/10\/4-Seleccion-Biblioteca-1024x768.jpg 1024w, https:\/\/colon.mx\/wp-content\/uploads\/2025\/10\/4-Seleccion-Biblioteca-300x225.jpg 300w, https:\/\/colon.mx\/wp-content\/uploads\/2025\/10\/4-Seleccion-Biblioteca-768x576.jpg 768w, https:\/\/colon.mx\/wp-content\/uploads\/2025\/10\/4-Seleccion-Biblioteca-1536x1152.jpg 1536w, https:\/\/colon.mx\/wp-content\/uploads\/2025\/10\/4-Seleccion-Biblioteca-2048x1536.jpg 2048w, https:\/\/colon.mx\/wp-content\/uploads\/2025\/10\/4-Seleccion-Biblioteca-370x278.jpg 370w, https:\/\/colon.mx\/wp-content\/uploads\/2025\/10\/4-Seleccion-Biblioteca-533x400.jpg 533w, https:\/\/colon.mx\/wp-content\/uploads\/2025\/10\/4-Seleccion-Biblioteca-736x552.jpg 736w, https:\/\/colon.mx\/wp-content\/uploads\/2025\/10\/4-Seleccion-Biblioteca-760x570.jpg 760w\" sizes=\"auto, (max-width: 1024px) 100vw, 1024px\" \/><\/figure>\n\n\n\n<p>Participar en BIBESCO 2025 fue una experiencia enriquecedora que nos permiti\u00f3 renovar nuestra misi\u00f3n: <strong>hacer de la biblioteca un espacio vivo, donde la lectura se convierta en di\u00e1logo, comunidad y transformaci\u00f3n.<\/strong><\/p>\n","protected":false},"excerpt":{"rendered":"<p>Nuestra participaci\u00f3n en el Encuentro Internacional de Bibliotecas Escolares reafirma nuestro compromiso con la lectura como puente para la convivencia, la reflexi\u00f3n y el cambio. Los d\u00edas 1, 2 y 3 de octubre, participamos en el 4.\u00ba Encuentro Internacional de&hellip;<\/p>\n","protected":false},"author":1,"featured_media":2481,"comment_status":"closed","ping_status":"closed","sticky":false,"template":"","format":"standard","meta":{"footnotes":""},"categories":[70,69],"tags":[169,165,167,172,164,171,174,163,168,175,170,166,173],"class_list":["post-2477","post","type-post","status-publish","format-standard","has-post-thumbnail","hentry","category-bachillerato","category-secundaria","tag-bachillerato-veracruz","tag-bibesco-2025","tag-biblioteca-escolar-ccc","tag-colegio-catolico-veracruz","tag-colegio-cristobal-colon-veracruz","tag-colon-mx","tag-educacion-humanista-veracruz","tag-encuentro-internacional-de-bibliotecas-escolares","tag-escuelas-privadas-veracruz","tag-eventos-educativos-colegio-cristobal-colon","tag-fomento-lector-en-escuelas","tag-lectura-en-secundaria","tag-libros-en-la-escuela"],"_links":{"self":[{"href":"https:\/\/colon.mx\/index.php\/wp-json\/wp\/v2\/posts\/2477","targetHints":{"allow":["GET"]}}],"collection":[{"href":"https:\/\/colon.mx\/index.php\/wp-json\/wp\/v2\/posts"}],"about":[{"href":"https:\/\/colon.mx\/index.php\/wp-json\/wp\/v2\/types\/post"}],"author":[{"embeddable":true,"href":"https:\/\/colon.mx\/index.php\/wp-json\/wp\/v2\/users\/1"}],"replies":[{"embeddable":true,"href":"https:\/\/colon.mx\/index.php\/wp-json\/wp\/v2\/comments?post=2477"}],"version-history":[{"count":0,"href":"https:\/\/colon.mx\/index.php\/wp-json\/wp\/v2\/posts\/2477\/revisions"}],"wp:featuredmedia":[{"embeddable":true,"href":"https:\/\/colon.mx\/index.php\/wp-json\/wp\/v2\/media\/2481"}],"wp:attachment":[{"href":"https:\/\/colon.mx\/index.php\/wp-json\/wp\/v2\/media?parent=2477"}],"wp:term":[{"taxonomy":"category","embeddable":true,"href":"https:\/\/colon.mx\/index.php\/wp-json\/wp\/v2\/categories?post=2477"},{"taxonomy":"post_tag","embeddable":true,"href":"https:\/\/colon.mx\/index.php\/wp-json\/wp\/v2\/tags?post=2477"}],"curies":[{"name":"wp","href":"https:\/\/api.w.org\/{rel}","templated":true}]}}