{"id":2716,"date":"2026-01-06T22:02:51","date_gmt":"2026-01-06T22:02:51","guid":{"rendered":"https:\/\/ccolonstg.wpenginepowered.com\/?p=2716"},"modified":"2026-01-06T22:02:54","modified_gmt":"2026-01-06T22:02:54","slug":"carta-de-ano-nuevo-2026-tu-raiz","status":"publish","type":"post","link":"https:\/\/colon.mx\/index.php\/2026\/01\/06\/carta-de-ano-nuevo-2026-tu-raiz\/","title":{"rendered":"Carta de A\u00f1o Nuevo 2026 | \u201cTu ra\u00edz\u201d"},"content":{"rendered":"\n<p><strong>Querida comunidad educativa:<\/strong><\/p>\n\n\n\n<p>Al iniciar este a\u00f1o 2026, nos reunimos como comunidad para<strong> volver a la ra\u00edz<\/strong>, all\u00ed donde nace nuestra identidad y se renueva el fortalecimiento de nuestra misi\u00f3n. El comienzo de un nuevo a\u00f1o es siempre un tiempo de gracia, una oportunidad para renovar el coraz\u00f3n y reafirmar el sentido profundo de nuestro caminar educativo, agradecerlo y disponernos a crecer con esperanza.<\/p>\n\n\n\n<p>El lema que nos acompa\u00f1a \u2014<strong>\u201cTu ra\u00edz\u201d<\/strong>\u2014 nos invita a preguntarnos con hondura: \u00bfde d\u00f3nde nace lo que somos?, \u00bfqu\u00e9 nos sostiene en los momentos de desaf\u00edo?, \u00bfqu\u00e9 nos permite crecer y dar fruto? Para nosotros, como comunidad escolapia, la ra\u00edz es clara y fecunda:<strong> Dios que nos llama, el Evangelio que nos gu\u00eda e ilumina y el carisma de san Jos\u00e9 de Calasanz que nos inspira<\/strong> para cuidar la educaci\u00f3n como verdadero ministerio y transformaci\u00f3n.<\/p>\n\n\n\n<p>La Palabra de Dios nos ilumina y nos recuerda:<\/p>\n\n\n\n<blockquote class=\"wp-block-quote is-layout-flow wp-block-quote-is-layout-flow\">\n<p><strong><em>\u201cPermanezcan en m\u00ed, como yo en ustedes. El que permanece en m\u00ed da mucho fruto\u201d<\/em> (Jn 15,5).<\/strong><\/p>\n<\/blockquote>\n\n\n\n<p>Solo permaneciendo en esa ra\u00edz profunda podremos seguir siendo una comunidad que educa con sentido, esperanza y amor.<\/p>\n\n\n\n<p>San Jos\u00e9 de Calasanz nos recuerda con claridad el coraz\u00f3n de nuestra vocaci\u00f3n cuando afirma:<\/p>\n\n\n\n<blockquote class=\"wp-block-quote is-layout-flow wp-block-quote-is-layout-flow\">\n<p><em><strong>\u201cSi desde la m\u00e1s tierna edad se cultiva diligentemente a los ni\u00f1os en la piedad y las letras, se puede esperar un feliz resultado en el desarrollo de toda su vida.\u201d<\/strong><\/em><\/p>\n<\/blockquote>\n\n\n\n<p>Volver a la ra\u00edz calasancia es reconocer que educar no es solo transmitir conocimientos, sino <strong>acompa\u00f1ar vidas<\/strong>, sembrar sentido, despertar lo mejor de cada ni\u00f1o y joven. Es creer que cada gesto educativo, por peque\u00f1o que parezca, puede convertirse en semilla de futuro.<\/p>\n\n\n\n<p>As\u00ed queremos ser como comunidad educativa: un \u00e1rbol con ra\u00edces firmes, alimentadas por la fe, el compromiso y el cuidado mutuo; un \u00e1rbol que da fruto en la formaci\u00f3n integral de nuestros alumnos y en la construcci\u00f3n de una sociedad m\u00e1s humana y fraterna.<\/p>\n\n\n\n<p>Agradezco profundamente a cada uno de ustedes \u2014directivos, estudiantes, familias, docentes, colaboradores y personal de apoyo\u2014 por ser parte viva de esta misi\u00f3n. Su entrega cotidiana, muchas veces silenciosa, es testimonio de fidelidad y esperanza, es semilla sembrada con amor, que sin duda dar\u00e1 fruto en el tiempo oportuno. Gracias por creer, por acompa\u00f1ar y por sostener esta obra educativa.<\/p>\n\n\n\n<p>Este nuevo a\u00f1o nos invita a <strong>cuidar nuestras ra\u00edces:<\/strong><\/p>\n\n\n\n<ul class=\"wp-block-list\">\n<li>fortaleciendo la vida interior y espiritual,<\/li>\n\n\n\n<li>cultivando relaciones basadas en el respeto y la confianza,<\/li>\n\n\n\n<li>poniendo siempre a los ni\u00f1os y j\u00f3venes en el centro,<\/li>\n\n\n\n<li>y viviendo nuestra vocaci\u00f3n educativa como servicio, misi\u00f3n y esperanza.<\/li>\n<\/ul>\n\n\n\n<p>Encomendamos este a\u00f1o 2026 a Dios, pidi\u00e9ndole que nos conceda<strong> un coraz\u00f3n atento, sabidur\u00eda, paciencia, manos disponibles y un esp\u00edritu fiel.<\/strong> Que <strong>Mar\u00eda <\/strong>nos acompa\u00f1e con <strong>su ternura<\/strong>, y que <strong>San Jos\u00e9 de Calasanz<\/strong> nos siga <strong>inspirando<\/strong> cada paso de nuestra comunidad para <strong>educar <\/strong>con <strong>paciencia, audacia y amor.<\/strong><\/p>\n\n\n\n<p>Que, bien arraigados en nuestra ra\u00edz, podamos crecer y dar frutos de vida, justicia y paz. Con la certeza de que quien <strong>cuida su ra\u00edz, da fruto abundante<\/strong>, iniciamos este a\u00f1o con fe y esperanza.<\/p>\n\n\n\n<p>Con afecto y bendici\u00f3n,<\/p>\n\n\n\n<p><strong>Mtra. Emma Illescas Navarro<\/strong><br><em>Directora General<\/em><\/p>\n","protected":false},"excerpt":{"rendered":"<p>Querida comunidad educativa: Al iniciar este a\u00f1o 2026, nos reunimos como comunidad para volver a la ra\u00edz, all\u00ed donde nace nuestra identidad y se renueva el fortalecimiento de nuestra misi\u00f3n. El comienzo de un nuevo a\u00f1o es siempre un tiempo&hellip;<\/p>\n","protected":false},"author":1,"featured_media":2717,"comment_status":"closed","ping_status":"closed","sticky":false,"template":"","format":"standard","meta":{"footnotes":""},"categories":[50],"tags":[262,83,115,266,263,267,265,264],"class_list":["post-2716","post","type-post","status-publish","format-standard","has-post-thumbnail","hentry","category-general","tag-carta-ano-nuevo-2026","tag-colegio-cristobal-colon","tag-comunidad-educativa","tag-educacion-en-veracruz","tag-identidad-educativa","tag-inicio-de-ano-escolar","tag-mensaje-institucional","tag-san-jose-de-calasanz"],"_links":{"self":[{"href":"https:\/\/colon.mx\/index.php\/wp-json\/wp\/v2\/posts\/2716","targetHints":{"allow":["GET"]}}],"collection":[{"href":"https:\/\/colon.mx\/index.php\/wp-json\/wp\/v2\/posts"}],"about":[{"href":"https:\/\/colon.mx\/index.php\/wp-json\/wp\/v2\/types\/post"}],"author":[{"embeddable":true,"href":"https:\/\/colon.mx\/index.php\/wp-json\/wp\/v2\/users\/1"}],"replies":[{"embeddable":true,"href":"https:\/\/colon.mx\/index.php\/wp-json\/wp\/v2\/comments?post=2716"}],"version-history":[{"count":0,"href":"https:\/\/colon.mx\/index.php\/wp-json\/wp\/v2\/posts\/2716\/revisions"}],"wp:featuredmedia":[{"embeddable":true,"href":"https:\/\/colon.mx\/index.php\/wp-json\/wp\/v2\/media\/2717"}],"wp:attachment":[{"href":"https:\/\/colon.mx\/index.php\/wp-json\/wp\/v2\/media?parent=2716"}],"wp:term":[{"taxonomy":"category","embeddable":true,"href":"https:\/\/colon.mx\/index.php\/wp-json\/wp\/v2\/categories?post=2716"},{"taxonomy":"post_tag","embeddable":true,"href":"https:\/\/colon.mx\/index.php\/wp-json\/wp\/v2\/tags?post=2716"}],"curies":[{"name":"wp","href":"https:\/\/api.w.org\/{rel}","templated":true}]}}