{"id":2770,"date":"2026-02-25T01:16:00","date_gmt":"2026-02-25T01:16:00","guid":{"rendered":"https:\/\/ccolonstg.wpenginepowered.com\/?p=2770"},"modified":"2026-03-04T01:26:55","modified_gmt":"2026-03-04T01:26:55","slug":"el-colegio-cristobal-colon-renueva-su-convenio-educativo-con-el-ministerio-de-educacion-de-espana","status":"publish","type":"post","link":"https:\/\/colon.mx\/index.php\/2026\/02\/25\/el-colegio-cristobal-colon-renueva-su-convenio-educativo-con-el-ministerio-de-educacion-de-espana\/","title":{"rendered":"El Colegio Crist\u00f3bal Col\u00f3n renueva su convenio educativo con el Ministerio de Educaci\u00f3n de Espa\u00f1a"},"content":{"rendered":"\n<p>El Colegio Crist\u00f3bal Col\u00f3n reafirma su compromiso con una educaci\u00f3n de calidad, identidad formativa y proyecci\u00f3n internacional al participar en la <strong>renovaci\u00f3n de los convenios educativos con el Ministerio de Educaci\u00f3n, Formaci\u00f3n Profesional y Deportes de Espa\u00f1a<\/strong>.<\/p>\n\n\n\n<figure class=\"wp-block-image size-large\"><img loading=\"lazy\" decoding=\"async\" width=\"1024\" height=\"683\" src=\"https:\/\/colon.mx\/wp-content\/uploads\/2026\/03\/3-RenovacionConvEducativo-Feb26-CCC-1-1024x683.webp\" alt=\"\" class=\"wp-image-2779\" srcset=\"https:\/\/colon.mx\/wp-content\/uploads\/2026\/03\/3-RenovacionConvEducativo-Feb26-CCC-1-1024x683.webp 1024w, https:\/\/colon.mx\/wp-content\/uploads\/2026\/03\/3-RenovacionConvEducativo-Feb26-CCC-1-300x200.webp 300w, https:\/\/colon.mx\/wp-content\/uploads\/2026\/03\/3-RenovacionConvEducativo-Feb26-CCC-1-768x512.webp 768w, https:\/\/colon.mx\/wp-content\/uploads\/2026\/03\/3-RenovacionConvEducativo-Feb26-CCC-1-1536x1024.webp 1536w, https:\/\/colon.mx\/wp-content\/uploads\/2026\/03\/3-RenovacionConvEducativo-Feb26-CCC-1-2048x1366.webp 2048w, https:\/\/colon.mx\/wp-content\/uploads\/2026\/03\/3-RenovacionConvEducativo-Feb26-CCC-1-370x247.webp 370w, https:\/\/colon.mx\/wp-content\/uploads\/2026\/03\/3-RenovacionConvEducativo-Feb26-CCC-1-600x400.webp 600w, https:\/\/colon.mx\/wp-content\/uploads\/2026\/03\/3-RenovacionConvEducativo-Feb26-CCC-1-828x552.webp 828w, https:\/\/colon.mx\/wp-content\/uploads\/2026\/03\/3-RenovacionConvEducativo-Feb26-CCC-1-760x507.webp 760w\" sizes=\"auto, (max-width: 1024px) 100vw, 1024px\" \/><\/figure>\n\n\n\n<p><\/p>\n\n\n\n<p>El acto se llev\u00f3 a cabo el <strong>19 de febrero en la Residencia del Embajador de Espa\u00f1a en M\u00e9xico<\/strong>, y fue presidido por <strong>Juan Duarte<\/strong>, Embajador de Espa\u00f1a en nuestro pa\u00eds. La firma del convenio estuvo a cargo del <strong>Consejero de Educaci\u00f3n del MEFPD, Juan Vicente P\u00e9rez Hern\u00e1ndez<\/strong>, junto con el <strong>Titular del Colegio Crist\u00f3bal Col\u00f3n, P. Sergio Fernando Hern\u00e1ndez Avil\u00e9s, Sch.P.<\/strong>, acompa\u00f1ado por nuestra <strong>Directora General, Mtra. Emma Illescas Navarro<\/strong>.<\/p>\n\n\n\n<p>Este acuerdo representa mucho m\u00e1s que un acto protocolario: es un <strong>respaldo a la misi\u00f3n educativa del colegio y a su compromiso con una formaci\u00f3n integral de alcance internacional<\/strong>.<\/p>\n\n\n\n<figure class=\"wp-block-image size-large\"><img loading=\"lazy\" decoding=\"async\" width=\"1024\" height=\"683\" src=\"https:\/\/colon.mx\/wp-content\/uploads\/2026\/03\/10-RenovacionConvEducativo-Feb26-CCC-1024x683.webp\" alt=\"\" class=\"wp-image-2772\" srcset=\"https:\/\/colon.mx\/wp-content\/uploads\/2026\/03\/10-RenovacionConvEducativo-Feb26-CCC-1024x683.webp 1024w, https:\/\/colon.mx\/wp-content\/uploads\/2026\/03\/10-RenovacionConvEducativo-Feb26-CCC-300x200.webp 300w, https:\/\/colon.mx\/wp-content\/uploads\/2026\/03\/10-RenovacionConvEducativo-Feb26-CCC-768x512.webp 768w, https:\/\/colon.mx\/wp-content\/uploads\/2026\/03\/10-RenovacionConvEducativo-Feb26-CCC-1536x1024.webp 1536w, https:\/\/colon.mx\/wp-content\/uploads\/2026\/03\/10-RenovacionConvEducativo-Feb26-CCC-370x247.webp 370w, https:\/\/colon.mx\/wp-content\/uploads\/2026\/03\/10-RenovacionConvEducativo-Feb26-CCC-600x400.webp 600w, https:\/\/colon.mx\/wp-content\/uploads\/2026\/03\/10-RenovacionConvEducativo-Feb26-CCC-828x552.webp 828w, https:\/\/colon.mx\/wp-content\/uploads\/2026\/03\/10-RenovacionConvEducativo-Feb26-CCC-760x507.webp 760w, https:\/\/colon.mx\/wp-content\/uploads\/2026\/03\/10-RenovacionConvEducativo-Feb26-CCC.webp 1755w\" sizes=\"auto, (max-width: 1024px) 100vw, 1024px\" \/><\/figure>\n\n\n\n<p><\/p>\n\n\n\n<p>Gracias a esta renovaci\u00f3n, se fortalecen diversos aspectos fundamentales de nuestra propuesta educativa, entre ellos:<\/p>\n\n\n\n<ul class=\"wp-block-list\">\n<li>La <strong>excelencia acad\u00e9mica con est\u00e1ndares internacionales<\/strong><\/li>\n\n\n\n<li>El <strong>intercambio cultural y educativo entre M\u00e9xico y Espa\u00f1a<\/strong><\/li>\n\n\n\n<li><strong>Nuevas oportunidades de desarrollo para estudiantes y docentes<\/strong><\/li>\n<\/ul>\n\n\n\n<p>Este v\u00ednculo educativo permite que nuestros alumnos se formen en un ambiente que integra tradici\u00f3n, innovaci\u00f3n y apertura al mundo, reafirmando el car\u00e1cter global de nuestra instituci\u00f3n.<\/p>\n\n\n\n<figure class=\"wp-block-gallery has-nested-images columns-default is-cropped wp-block-gallery-1 is-layout-flex wp-block-gallery-is-layout-flex\">\n<figure class=\"wp-block-image size-large\"><img loading=\"lazy\" decoding=\"async\" width=\"1024\" height=\"683\" data-id=\"2775\" src=\"https:\/\/colon.mx\/wp-content\/uploads\/2026\/03\/1-RenovacionConvEducativo-Feb26-CCC-1024x683.webp\" alt=\"\" class=\"wp-image-2775\" srcset=\"https:\/\/colon.mx\/wp-content\/uploads\/2026\/03\/1-RenovacionConvEducativo-Feb26-CCC-1024x683.webp 1024w, https:\/\/colon.mx\/wp-content\/uploads\/2026\/03\/1-RenovacionConvEducativo-Feb26-CCC-300x200.webp 300w, https:\/\/colon.mx\/wp-content\/uploads\/2026\/03\/1-RenovacionConvEducativo-Feb26-CCC-768x512.webp 768w, https:\/\/colon.mx\/wp-content\/uploads\/2026\/03\/1-RenovacionConvEducativo-Feb26-CCC-1536x1024.webp 1536w, https:\/\/colon.mx\/wp-content\/uploads\/2026\/03\/1-RenovacionConvEducativo-Feb26-CCC-2048x1365.webp 2048w, https:\/\/colon.mx\/wp-content\/uploads\/2026\/03\/1-RenovacionConvEducativo-Feb26-CCC-370x247.webp 370w, https:\/\/colon.mx\/wp-content\/uploads\/2026\/03\/1-RenovacionConvEducativo-Feb26-CCC-600x400.webp 600w, https:\/\/colon.mx\/wp-content\/uploads\/2026\/03\/1-RenovacionConvEducativo-Feb26-CCC-828x552.webp 828w, https:\/\/colon.mx\/wp-content\/uploads\/2026\/03\/1-RenovacionConvEducativo-Feb26-CCC-760x507.webp 760w\" sizes=\"auto, (max-width: 1024px) 100vw, 1024px\" \/><\/figure>\n\n\n\n<figure class=\"wp-block-image size-large\"><img loading=\"lazy\" decoding=\"async\" width=\"1024\" height=\"683\" data-id=\"2774\" src=\"https:\/\/colon.mx\/wp-content\/uploads\/2026\/03\/2-RenovacionConvEducativo-Feb26-CCC-1024x683.webp\" alt=\"\" class=\"wp-image-2774\" srcset=\"https:\/\/colon.mx\/wp-content\/uploads\/2026\/03\/2-RenovacionConvEducativo-Feb26-CCC-1024x683.webp 1024w, https:\/\/colon.mx\/wp-content\/uploads\/2026\/03\/2-RenovacionConvEducativo-Feb26-CCC-300x200.webp 300w, https:\/\/colon.mx\/wp-content\/uploads\/2026\/03\/2-RenovacionConvEducativo-Feb26-CCC-768x512.webp 768w, https:\/\/colon.mx\/wp-content\/uploads\/2026\/03\/2-RenovacionConvEducativo-Feb26-CCC-1536x1024.webp 1536w, https:\/\/colon.mx\/wp-content\/uploads\/2026\/03\/2-RenovacionConvEducativo-Feb26-CCC-2048x1366.webp 2048w, https:\/\/colon.mx\/wp-content\/uploads\/2026\/03\/2-RenovacionConvEducativo-Feb26-CCC-370x247.webp 370w, https:\/\/colon.mx\/wp-content\/uploads\/2026\/03\/2-RenovacionConvEducativo-Feb26-CCC-600x400.webp 600w, https:\/\/colon.mx\/wp-content\/uploads\/2026\/03\/2-RenovacionConvEducativo-Feb26-CCC-828x552.webp 828w, https:\/\/colon.mx\/wp-content\/uploads\/2026\/03\/2-RenovacionConvEducativo-Feb26-CCC-760x507.webp 760w\" sizes=\"auto, (max-width: 1024px) 100vw, 1024px\" \/><\/figure>\n\n\n\n<figure class=\"wp-block-image size-large is-style-default\"><img loading=\"lazy\" decoding=\"async\" width=\"1024\" height=\"682\" data-id=\"2773\" src=\"https:\/\/colon.mx\/wp-content\/uploads\/2026\/03\/6-RenovacionConvEducativo-Feb26-CCC-1024x682.webp\" alt=\"\" class=\"wp-image-2773\" srcset=\"https:\/\/colon.mx\/wp-content\/uploads\/2026\/03\/6-RenovacionConvEducativo-Feb26-CCC-1024x682.webp 1024w, https:\/\/colon.mx\/wp-content\/uploads\/2026\/03\/6-RenovacionConvEducativo-Feb26-CCC-300x200.webp 300w, https:\/\/colon.mx\/wp-content\/uploads\/2026\/03\/6-RenovacionConvEducativo-Feb26-CCC-768x512.webp 768w, https:\/\/colon.mx\/wp-content\/uploads\/2026\/03\/6-RenovacionConvEducativo-Feb26-CCC-370x247.webp 370w, https:\/\/colon.mx\/wp-content\/uploads\/2026\/03\/6-RenovacionConvEducativo-Feb26-CCC-600x400.webp 600w, https:\/\/colon.mx\/wp-content\/uploads\/2026\/03\/6-RenovacionConvEducativo-Feb26-CCC-828x552.webp 828w, https:\/\/colon.mx\/wp-content\/uploads\/2026\/03\/6-RenovacionConvEducativo-Feb26-CCC-760x506.webp 760w, https:\/\/colon.mx\/wp-content\/uploads\/2026\/03\/6-RenovacionConvEducativo-Feb26-CCC.webp 1424w\" sizes=\"auto, (max-width: 1024px) 100vw, 1024px\" \/><\/figure>\n<\/figure>\n\n\n\n<p><\/p>\n\n\n\n<p><strong>Educaci\u00f3n con identidad y visi\u00f3n global<\/strong><\/p>\n\n\n\n<p>Para la <strong>Familia Col\u00f3n<\/strong>, este acuerdo fortalece la misi\u00f3n de seguir formando estudiantes preparados para los retos del mundo actual, con ra\u00edces firmes en los valores escolapios y una mirada abierta al futuro.<\/p>\n\n\n\n<p>Seguimos avanzando con responsabilidad y esperanza, <strong>construyendo puentes entre culturas y educando generaciones que transformar\u00e1n el mundo<\/strong>.<\/p>\n","protected":false},"excerpt":{"rendered":"<p>El Colegio Crist\u00f3bal Col\u00f3n renueva su convenio educativo con el Ministerio de Educaci\u00f3n de Espa\u00f1a<\/p>\n","protected":false},"author":1,"featured_media":2780,"comment_status":"closed","ping_status":"closed","sticky":false,"template":"","format":"standard","meta":{"footnotes":""},"categories":[50],"tags":[277,164,171,279,275,278,276,238,280,274],"class_list":["post-2770","post","type-post","status-publish","format-standard","has-post-thumbnail","hentry","category-general","tag-carisma-escolapio-educacion","tag-colegio-cristobal-colon-veracruz","tag-colon-mx","tag-convenio-educativo-espana-mexico","tag-cooperacion-educativa-mexico-espana","tag-educacion-con-vision-global","tag-educacion-internacional-colegio-cristobal-colon","tag-familia-colon-veracruz","tag-formacion-academica-internacional-veracruz","tag-ministerio-de-educacion-espana-colegios-en-mexico"],"_links":{"self":[{"href":"https:\/\/colon.mx\/index.php\/wp-json\/wp\/v2\/posts\/2770","targetHints":{"allow":["GET"]}}],"collection":[{"href":"https:\/\/colon.mx\/index.php\/wp-json\/wp\/v2\/posts"}],"about":[{"href":"https:\/\/colon.mx\/index.php\/wp-json\/wp\/v2\/types\/post"}],"author":[{"embeddable":true,"href":"https:\/\/colon.mx\/index.php\/wp-json\/wp\/v2\/users\/1"}],"replies":[{"embeddable":true,"href":"https:\/\/colon.mx\/index.php\/wp-json\/wp\/v2\/comments?post=2770"}],"version-history":[{"count":0,"href":"https:\/\/colon.mx\/index.php\/wp-json\/wp\/v2\/posts\/2770\/revisions"}],"wp:featuredmedia":[{"embeddable":true,"href":"https:\/\/colon.mx\/index.php\/wp-json\/wp\/v2\/media\/2780"}],"wp:attachment":[{"href":"https:\/\/colon.mx\/index.php\/wp-json\/wp\/v2\/media?parent=2770"}],"wp:term":[{"taxonomy":"category","embeddable":true,"href":"https:\/\/colon.mx\/index.php\/wp-json\/wp\/v2\/categories?post=2770"},{"taxonomy":"post_tag","embeddable":true,"href":"https:\/\/colon.mx\/index.php\/wp-json\/wp\/v2\/tags?post=2770"}],"curies":[{"name":"wp","href":"https:\/\/api.w.org\/{rel}","templated":true}]}}