{"id":2829,"date":"2026-03-26T21:25:15","date_gmt":"2026-03-26T21:25:15","guid":{"rendered":"https:\/\/ccolonstg.wpenginepowered.com\/?p=2829"},"modified":"2026-03-26T21:25:17","modified_gmt":"2026-03-26T21:25:17","slug":"el-colegio-cristobal-colon-veracruz-se-corona-campeon-del-tid-2026-en-futbol-secundaria","status":"publish","type":"post","link":"https:\/\/colon.mx\/index.php\/2026\/03\/26\/el-colegio-cristobal-colon-veracruz-se-corona-campeon-del-tid-2026-en-futbol-secundaria\/","title":{"rendered":"El Colegio Crist\u00f3bal Col\u00f3n Veracruz se corona campe\u00f3n del TID 2026 en futbol secundaria"},"content":{"rendered":"\n<p><strong>Un triunfo hist\u00f3rico en su primera participaci\u00f3n en el torneo intercolegial<\/strong><\/p>\n\n\n\n<p>La comunidad del <strong>Colegio Crist\u00f3bal Col\u00f3n <\/strong>celebra con orgullo un logro que quedar\u00e1 en la historia: nuestro equipo varonil de <strong>Secundaria<\/strong> se proclam\u00f3 <strong>campe\u00f3n del Torneo Intercolegial Deportivo TID 2026<\/strong>, organizado por el Instituto Cumbres Veracruz, en su <strong>primera participaci\u00f3n<\/strong>.<\/p>\n\n\n\n<figure class=\"wp-block-image size-large\"><img loading=\"lazy\" decoding=\"async\" width=\"1024\" height=\"706\" src=\"https:\/\/colon.mx\/wp-content\/uploads\/2026\/03\/Gemini_Generated_Image_vwoxmmvwoxmmvwox-1024x706.webp\" alt=\"\" class=\"wp-image-2830\" srcset=\"https:\/\/colon.mx\/wp-content\/uploads\/2026\/03\/Gemini_Generated_Image_vwoxmmvwoxmmvwox-1024x706.webp 1024w, https:\/\/colon.mx\/wp-content\/uploads\/2026\/03\/Gemini_Generated_Image_vwoxmmvwoxmmvwox-300x207.webp 300w, https:\/\/colon.mx\/wp-content\/uploads\/2026\/03\/Gemini_Generated_Image_vwoxmmvwoxmmvwox-768x529.webp 768w, https:\/\/colon.mx\/wp-content\/uploads\/2026\/03\/Gemini_Generated_Image_vwoxmmvwoxmmvwox-370x255.webp 370w, https:\/\/colon.mx\/wp-content\/uploads\/2026\/03\/Gemini_Generated_Image_vwoxmmvwoxmmvwox-580x400.webp 580w, https:\/\/colon.mx\/wp-content\/uploads\/2026\/03\/Gemini_Generated_Image_vwoxmmvwoxmmvwox-801x552.webp 801w, https:\/\/colon.mx\/wp-content\/uploads\/2026\/03\/Gemini_Generated_Image_vwoxmmvwoxmmvwox-760x524.webp 760w, https:\/\/colon.mx\/wp-content\/uploads\/2026\/03\/Gemini_Generated_Image_vwoxmmvwoxmmvwox.webp 1230w\" sizes=\"auto, (max-width: 1024px) 100vw, 1024px\" \/><\/figure>\n\n\n\n<p><\/p>\n\n\n\n<p>El camino hacia la final estuvo lleno de intensidad, entrega y trabajo en equipo, pero fue en el \u00faltimo partido donde se vivi\u00f3 uno de los momentos m\u00e1s emocionantes del torneo. En un encuentro de ida y vuelta, con los nervios a flor de piel, nuestro equipo logr\u00f3 imponerse con un marcador de <strong>6-5 frente al Colegio Nordwick<\/strong>, en una final vibrante que mantuvo a todos al borde de sus asientos.<\/p>\n\n\n\n<p>La solidez defensiva fue clave en los momentos m\u00e1s exigentes, mientras que la ofensiva se mostr\u00f3 contundente en cada oportunidad. Los goles que nos llevaron a la victoria fueron anotados por:<\/p>\n\n\n\n<p><strong>Jair Lorenzo, Rodrigo Mor\u00e1n, Noriel Eduardo, Mateo Mart\u00ednez, Daniel Rodr\u00edguez y Miguel \u00c1ngel.<\/strong><\/p>\n\n\n\n<figure class=\"wp-block-gallery has-nested-images columns-default is-cropped wp-block-gallery-1 is-layout-flex wp-block-gallery-is-layout-flex\">\n<figure class=\"wp-block-image size-large\"><img loading=\"lazy\" decoding=\"async\" width=\"1024\" height=\"682\" data-id=\"2836\" src=\"https:\/\/colon.mx\/wp-content\/uploads\/2026\/03\/WhatsApp-Image-2026-03-19-at-2.36.24-PM-1024x682.webp\" alt=\"\" class=\"wp-image-2836\" srcset=\"https:\/\/colon.mx\/wp-content\/uploads\/2026\/03\/WhatsApp-Image-2026-03-19-at-2.36.24-PM-1024x682.webp 1024w, https:\/\/colon.mx\/wp-content\/uploads\/2026\/03\/WhatsApp-Image-2026-03-19-at-2.36.24-PM-300x200.webp 300w, https:\/\/colon.mx\/wp-content\/uploads\/2026\/03\/WhatsApp-Image-2026-03-19-at-2.36.24-PM-768x512.webp 768w, https:\/\/colon.mx\/wp-content\/uploads\/2026\/03\/WhatsApp-Image-2026-03-19-at-2.36.24-PM-1536x1023.webp 1536w, https:\/\/colon.mx\/wp-content\/uploads\/2026\/03\/WhatsApp-Image-2026-03-19-at-2.36.24-PM-370x247.webp 370w, https:\/\/colon.mx\/wp-content\/uploads\/2026\/03\/WhatsApp-Image-2026-03-19-at-2.36.24-PM-600x400.webp 600w, https:\/\/colon.mx\/wp-content\/uploads\/2026\/03\/WhatsApp-Image-2026-03-19-at-2.36.24-PM-829x552.webp 829w, https:\/\/colon.mx\/wp-content\/uploads\/2026\/03\/WhatsApp-Image-2026-03-19-at-2.36.24-PM-760x506.webp 760w, https:\/\/colon.mx\/wp-content\/uploads\/2026\/03\/WhatsApp-Image-2026-03-19-at-2.36.24-PM.webp 1600w\" sizes=\"auto, (max-width: 1024px) 100vw, 1024px\" \/><\/figure>\n\n\n\n<figure class=\"wp-block-image size-large\"><img loading=\"lazy\" decoding=\"async\" width=\"1024\" height=\"672\" data-id=\"2834\" src=\"https:\/\/colon.mx\/wp-content\/uploads\/2026\/03\/WhatsApp-Image-2026-03-19-at-2.36.23-PM-1024x672.webp\" alt=\"\" class=\"wp-image-2834\" srcset=\"https:\/\/colon.mx\/wp-content\/uploads\/2026\/03\/WhatsApp-Image-2026-03-19-at-2.36.23-PM-1024x672.webp 1024w, https:\/\/colon.mx\/wp-content\/uploads\/2026\/03\/WhatsApp-Image-2026-03-19-at-2.36.23-PM-300x197.webp 300w, https:\/\/colon.mx\/wp-content\/uploads\/2026\/03\/WhatsApp-Image-2026-03-19-at-2.36.23-PM-768x504.webp 768w, https:\/\/colon.mx\/wp-content\/uploads\/2026\/03\/WhatsApp-Image-2026-03-19-at-2.36.23-PM-370x243.webp 370w, https:\/\/colon.mx\/wp-content\/uploads\/2026\/03\/WhatsApp-Image-2026-03-19-at-2.36.23-PM-610x400.webp 610w, https:\/\/colon.mx\/wp-content\/uploads\/2026\/03\/WhatsApp-Image-2026-03-19-at-2.36.23-PM-842x552.webp 842w, https:\/\/colon.mx\/wp-content\/uploads\/2026\/03\/WhatsApp-Image-2026-03-19-at-2.36.23-PM-760x498.webp 760w, https:\/\/colon.mx\/wp-content\/uploads\/2026\/03\/WhatsApp-Image-2026-03-19-at-2.36.23-PM.webp 1206w\" sizes=\"auto, (max-width: 1024px) 100vw, 1024px\" \/><\/figure>\n\n\n\n<figure class=\"wp-block-image size-large\"><img loading=\"lazy\" decoding=\"async\" width=\"1024\" height=\"682\" data-id=\"2831\" src=\"https:\/\/colon.mx\/wp-content\/uploads\/2026\/03\/WhatsApp-Image-2026-03-19-at-2.36.22-PM-1-1024x682.webp\" alt=\"\" class=\"wp-image-2831\" srcset=\"https:\/\/colon.mx\/wp-content\/uploads\/2026\/03\/WhatsApp-Image-2026-03-19-at-2.36.22-PM-1-1024x682.webp 1024w, https:\/\/colon.mx\/wp-content\/uploads\/2026\/03\/WhatsApp-Image-2026-03-19-at-2.36.22-PM-1-300x200.webp 300w, https:\/\/colon.mx\/wp-content\/uploads\/2026\/03\/WhatsApp-Image-2026-03-19-at-2.36.22-PM-1-768x512.webp 768w, https:\/\/colon.mx\/wp-content\/uploads\/2026\/03\/WhatsApp-Image-2026-03-19-at-2.36.22-PM-1-1536x1023.webp 1536w, https:\/\/colon.mx\/wp-content\/uploads\/2026\/03\/WhatsApp-Image-2026-03-19-at-2.36.22-PM-1-370x247.webp 370w, https:\/\/colon.mx\/wp-content\/uploads\/2026\/03\/WhatsApp-Image-2026-03-19-at-2.36.22-PM-1-600x400.webp 600w, https:\/\/colon.mx\/wp-content\/uploads\/2026\/03\/WhatsApp-Image-2026-03-19-at-2.36.22-PM-1-829x552.webp 829w, https:\/\/colon.mx\/wp-content\/uploads\/2026\/03\/WhatsApp-Image-2026-03-19-at-2.36.22-PM-1-760x506.webp 760w, https:\/\/colon.mx\/wp-content\/uploads\/2026\/03\/WhatsApp-Image-2026-03-19-at-2.36.22-PM-1.webp 1600w\" sizes=\"auto, (max-width: 1024px) 100vw, 1024px\" \/><\/figure>\n<\/figure>\n\n\n\n<p><\/p>\n\n\n\n<p>Este triunfo es resultado del esfuerzo colectivo: del compromiso de nuestros jugadores, del acompa\u00f1amiento constante de sus familias, del liderazgo del <strong>entrenador Roberto Robles<\/strong> y del respaldo institucional de la direcci\u00f3n, encabezada por la <strong>Mtra. Mar\u00eda Teresa Armas Cano<\/strong>.<\/p>\n\n\n\n<figure class=\"wp-block-gallery has-nested-images columns-default is-cropped wp-block-gallery-2 is-layout-flex wp-block-gallery-is-layout-flex\">\n<figure class=\"wp-block-image size-large\"><img loading=\"lazy\" decoding=\"async\" width=\"1024\" height=\"682\" data-id=\"2835\" src=\"https:\/\/colon.mx\/wp-content\/uploads\/2026\/03\/WhatsApp-Image-2026-03-19-at-2.36.24-PM-1-1024x682.webp\" alt=\"\" class=\"wp-image-2835\" srcset=\"https:\/\/colon.mx\/wp-content\/uploads\/2026\/03\/WhatsApp-Image-2026-03-19-at-2.36.24-PM-1-1024x682.webp 1024w, https:\/\/colon.mx\/wp-content\/uploads\/2026\/03\/WhatsApp-Image-2026-03-19-at-2.36.24-PM-1-300x200.webp 300w, https:\/\/colon.mx\/wp-content\/uploads\/2026\/03\/WhatsApp-Image-2026-03-19-at-2.36.24-PM-1-768x512.webp 768w, https:\/\/colon.mx\/wp-content\/uploads\/2026\/03\/WhatsApp-Image-2026-03-19-at-2.36.24-PM-1-1536x1023.webp 1536w, https:\/\/colon.mx\/wp-content\/uploads\/2026\/03\/WhatsApp-Image-2026-03-19-at-2.36.24-PM-1-370x247.webp 370w, https:\/\/colon.mx\/wp-content\/uploads\/2026\/03\/WhatsApp-Image-2026-03-19-at-2.36.24-PM-1-600x400.webp 600w, https:\/\/colon.mx\/wp-content\/uploads\/2026\/03\/WhatsApp-Image-2026-03-19-at-2.36.24-PM-1-829x552.webp 829w, https:\/\/colon.mx\/wp-content\/uploads\/2026\/03\/WhatsApp-Image-2026-03-19-at-2.36.24-PM-1-760x506.webp 760w, https:\/\/colon.mx\/wp-content\/uploads\/2026\/03\/WhatsApp-Image-2026-03-19-at-2.36.24-PM-1.webp 1600w\" sizes=\"auto, (max-width: 1024px) 100vw, 1024px\" \/><\/figure>\n\n\n\n<figure class=\"wp-block-image size-large\"><img loading=\"lazy\" decoding=\"async\" width=\"1024\" height=\"682\" data-id=\"2833\" src=\"https:\/\/colon.mx\/wp-content\/uploads\/2026\/03\/WhatsApp-Image-2026-03-19-at-2.36.23-PM-1-1024x682.webp\" alt=\"\" class=\"wp-image-2833\" srcset=\"https:\/\/colon.mx\/wp-content\/uploads\/2026\/03\/WhatsApp-Image-2026-03-19-at-2.36.23-PM-1-1024x682.webp 1024w, https:\/\/colon.mx\/wp-content\/uploads\/2026\/03\/WhatsApp-Image-2026-03-19-at-2.36.23-PM-1-300x200.webp 300w, https:\/\/colon.mx\/wp-content\/uploads\/2026\/03\/WhatsApp-Image-2026-03-19-at-2.36.23-PM-1-768x512.webp 768w, https:\/\/colon.mx\/wp-content\/uploads\/2026\/03\/WhatsApp-Image-2026-03-19-at-2.36.23-PM-1-1536x1023.webp 1536w, https:\/\/colon.mx\/wp-content\/uploads\/2026\/03\/WhatsApp-Image-2026-03-19-at-2.36.23-PM-1-370x247.webp 370w, https:\/\/colon.mx\/wp-content\/uploads\/2026\/03\/WhatsApp-Image-2026-03-19-at-2.36.23-PM-1-600x400.webp 600w, https:\/\/colon.mx\/wp-content\/uploads\/2026\/03\/WhatsApp-Image-2026-03-19-at-2.36.23-PM-1-829x552.webp 829w, https:\/\/colon.mx\/wp-content\/uploads\/2026\/03\/WhatsApp-Image-2026-03-19-at-2.36.23-PM-1-760x506.webp 760w, https:\/\/colon.mx\/wp-content\/uploads\/2026\/03\/WhatsApp-Image-2026-03-19-at-2.36.23-PM-1.webp 1600w\" sizes=\"auto, (max-width: 1024px) 100vw, 1024px\" \/><\/figure>\n\n\n\n<figure class=\"wp-block-image size-large\"><img loading=\"lazy\" decoding=\"async\" width=\"1024\" height=\"682\" data-id=\"2832\" src=\"https:\/\/colon.mx\/wp-content\/uploads\/2026\/03\/WhatsApp-Image-2026-03-19-at-2.36.22-PM-1024x682.webp\" alt=\"\" class=\"wp-image-2832\" srcset=\"https:\/\/colon.mx\/wp-content\/uploads\/2026\/03\/WhatsApp-Image-2026-03-19-at-2.36.22-PM-1024x682.webp 1024w, https:\/\/colon.mx\/wp-content\/uploads\/2026\/03\/WhatsApp-Image-2026-03-19-at-2.36.22-PM-300x200.webp 300w, https:\/\/colon.mx\/wp-content\/uploads\/2026\/03\/WhatsApp-Image-2026-03-19-at-2.36.22-PM-768x512.webp 768w, https:\/\/colon.mx\/wp-content\/uploads\/2026\/03\/WhatsApp-Image-2026-03-19-at-2.36.22-PM-1536x1023.webp 1536w, https:\/\/colon.mx\/wp-content\/uploads\/2026\/03\/WhatsApp-Image-2026-03-19-at-2.36.22-PM-370x247.webp 370w, https:\/\/colon.mx\/wp-content\/uploads\/2026\/03\/WhatsApp-Image-2026-03-19-at-2.36.22-PM-600x400.webp 600w, https:\/\/colon.mx\/wp-content\/uploads\/2026\/03\/WhatsApp-Image-2026-03-19-at-2.36.22-PM-829x552.webp 829w, https:\/\/colon.mx\/wp-content\/uploads\/2026\/03\/WhatsApp-Image-2026-03-19-at-2.36.22-PM-760x506.webp 760w, https:\/\/colon.mx\/wp-content\/uploads\/2026\/03\/WhatsApp-Image-2026-03-19-at-2.36.22-PM.webp 1600w\" sizes=\"auto, (max-width: 1024px) 100vw, 1024px\" \/><\/figure>\n<\/figure>\n\n\n\n<p><\/p>\n\n\n\n<p><strong>Un campeonato que refleja identidad y trabajo en equipo<\/strong><\/p>\n\n\n\n<p>M\u00e1s all\u00e1 del marcador, este campeonato representa disciplina, constancia y el esp\u00edritu de comunidad que nos caracteriza como <strong>Familia Col\u00f3n<\/strong>. Es el reflejo de una formaci\u00f3n que impulsa a nuestros estudiantes a dar lo mejor de s\u00ed dentro y fuera de la cancha.<\/p>\n\n\n\n<p>\u00a1Felicidades a nuestros campeones! Su esfuerzo hoy se convierte en inspiraci\u00f3n para toda nuestra comunidad.<\/p>\n","protected":false},"excerpt":{"rendered":"<p>Un triunfo hist\u00f3rico en su primera participaci\u00f3n en el torneo intercolegial La comunidad del Colegio Crist\u00f3bal Col\u00f3n celebra con orgullo un logro que quedar\u00e1 en la historia: nuestro equipo varonil de Secundaria se proclam\u00f3 campe\u00f3n del Torneo Intercolegial Deportivo TID&hellip;<\/p>\n","protected":false},"author":1,"featured_media":2837,"comment_status":"closed","ping_status":"closed","sticky":false,"template":"","format":"standard","meta":{"footnotes":""},"categories":[69],"tags":[311,312,164,171,313,238,310,314,308,309],"class_list":["post-2829","post","type-post","status-publish","format-standard","has-post-thumbnail","hentry","category-secundaria","tag-campeonato-futbol-secundaria-veracruz","tag-campeones-futbol-secundaria-veracruz","tag-colegio-cristobal-colon-veracruz","tag-colon-mx","tag-deporte-escolar-veracruz","tag-familia-colon-veracruz","tag-futbol-escolar-colegio-cristobal-colon","tag-instituto-cumbres-veracruz-torneo","tag-tid-2026-futbol-secundaria","tag-torneo-intercolegial-deportivo-veracruz"],"_links":{"self":[{"href":"https:\/\/colon.mx\/index.php\/wp-json\/wp\/v2\/posts\/2829","targetHints":{"allow":["GET"]}}],"collection":[{"href":"https:\/\/colon.mx\/index.php\/wp-json\/wp\/v2\/posts"}],"about":[{"href":"https:\/\/colon.mx\/index.php\/wp-json\/wp\/v2\/types\/post"}],"author":[{"embeddable":true,"href":"https:\/\/colon.mx\/index.php\/wp-json\/wp\/v2\/users\/1"}],"replies":[{"embeddable":true,"href":"https:\/\/colon.mx\/index.php\/wp-json\/wp\/v2\/comments?post=2829"}],"version-history":[{"count":0,"href":"https:\/\/colon.mx\/index.php\/wp-json\/wp\/v2\/posts\/2829\/revisions"}],"wp:featuredmedia":[{"embeddable":true,"href":"https:\/\/colon.mx\/index.php\/wp-json\/wp\/v2\/media\/2837"}],"wp:attachment":[{"href":"https:\/\/colon.mx\/index.php\/wp-json\/wp\/v2\/media?parent=2829"}],"wp:term":[{"taxonomy":"category","embeddable":true,"href":"https:\/\/colon.mx\/index.php\/wp-json\/wp\/v2\/categories?post=2829"},{"taxonomy":"post_tag","embeddable":true,"href":"https:\/\/colon.mx\/index.php\/wp-json\/wp\/v2\/tags?post=2829"}],"curies":[{"name":"wp","href":"https:\/\/api.w.org\/{rel}","templated":true}]}}